{"id":1037,"date":"2020-09-30T13:10:28","date_gmt":"2020-09-30T11:10:28","guid":{"rendered":"https:\/\/www.aeroclub-choulex.ch\/?p=1037"},"modified":"2020-09-30T13:14:11","modified_gmt":"2020-09-30T11:14:11","slug":"ca-vole-au-saleve","status":"publish","type":"post","link":"https:\/\/www.aeroclub-choulex.ch\/?p=1037","title":{"rendered":"\u00e7a vole au Sal\u00e8ve&#8230;.."},"content":{"rendered":"<p>Premier vol du GP-15 de Thomas au Mont Sal\u00e8ve<\/p>\n<p><iframe loading=\"lazy\" title=\"Baudis GP 15 am Hang\" width=\"525\" height=\"295\" src=\"https:\/\/www.youtube.com\/embed\/bbhX-61HDYc?feature=oembed\" frameborder=\"0\" allow=\"accelerometer; autoplay; clipboard-write; encrypted-media; gyroscope; picture-in-picture; web-share\" referrerpolicy=\"strict-origin-when-cross-origin\" allowfullscreen><\/iframe><\/p>\n","protected":false},"excerpt":{"rendered":"<p>Premier vol du GP-15 de Thomas au Mont Sal\u00e8ve<\/p>\n","protected":false},"author":28,"featured_media":1038,"comment_status":"open","ping_status":"closed","sticky":false,"template":"","format":"image","meta":{"_acf_changed":false,"footnotes":""},"categories":[2],"tags":[],"class_list":["post-1037","post","type-post","status-publish","format-image","has-post-thumbnail","hentry","category-non-classe","post_format-post-format-image"],"acf":[],"_links":{"self":[{"href":"https:\/\/www.aeroclub-choulex.ch\/index.php?rest_route=\/wp\/v2\/posts\/1037","targetHints":{"allow":["GET"]}}],"collection":[{"href":"https:\/\/www.aeroclub-choulex.ch\/index.php?rest_route=\/wp\/v2\/posts"}],"about":[{"href":"https:\/\/www.aeroclub-choulex.ch\/index.php?rest_route=\/wp\/v2\/types\/post"}],"author":[{"embeddable":true,"href":"https:\/\/www.aeroclub-choulex.ch\/index.php?rest_route=\/wp\/v2\/users\/28"}],"replies":[{"embeddable":true,"href":"https:\/\/www.aeroclub-choulex.ch\/index.php?rest_route=%2Fwp%2Fv2%2Fcomments&post=1037"}],"version-history":[{"count":1,"href":"https:\/\/www.aeroclub-choulex.ch\/index.php?rest_route=\/wp\/v2\/posts\/1037\/revisions"}],"predecessor-version":[{"id":1039,"href":"https:\/\/www.aeroclub-choulex.ch\/index.php?rest_route=\/wp\/v2\/posts\/1037\/revisions\/1039"}],"wp:featuredmedia":[{"embeddable":true,"href":"https:\/\/www.aeroclub-choulex.ch\/index.php?rest_route=\/wp\/v2\/media\/1038"}],"wp:attachment":[{"href":"https:\/\/www.aeroclub-choulex.ch\/index.php?rest_route=%2Fwp%2Fv2%2Fmedia&parent=1037"}],"wp:term":[{"taxonomy":"category","embeddable":true,"href":"https:\/\/www.aeroclub-choulex.ch\/index.php?rest_route=%2Fwp%2Fv2%2Fcategories&post=1037"},{"taxonomy":"post_tag","embeddable":true,"href":"https:\/\/www.aeroclub-choulex.ch\/index.php?rest_route=%2Fwp%2Fv2%2Ftags&post=1037"}],"curies":[{"name":"wp","href":"https:\/\/api.w.org\/{rel}","templated":true}]}}